{"id":48,"date":"2025-02-28T10:07:45","date_gmt":"2025-02-28T13:07:45","guid":{"rendered":"https:\/\/olhodeluz.com.br\/blog\/?p=48"},"modified":"2025-02-28T10:07:46","modified_gmt":"2025-02-28T13:07:46","slug":"licoes-da-vida-o-que-a-calmaria-ensina-e-o-que-so-a-tempestade-pode-mostrar","status":"publish","type":"post","link":"https:\/\/olhodeluz.com.br\/blog\/?p=48","title":{"rendered":"Li\u00e7\u00f5es da Vida: O Que a Calmaria Ensina e O Que S\u00f3 a Tempestade Pode Mostrar?"},"content":{"rendered":"\n<p>\ud83d\udcad J\u00e1 percebeu como algumas li\u00e7\u00f5es v\u00eam de momentos tranquilos e outras s\u00f3 aprendemos quando a vida nos joga no meio do caos? A verdade \u00e9 que tanto a calmaria quanto a tempestade t\u00eam seu papel no nosso crescimento.<\/p>\n\n\n\n<p>Quando tudo est\u00e1 sereno, conseguimos refletir, nos aprofundar e absorver conhecimento. Mas s\u00e3o as dificuldades que realmente nos testam e mostram do que somos feitos. <strong>Ser\u00e1 que d\u00e1 para escolher o melhor momento para aprender? Ou a vida j\u00e1 sabe exatamente o que precisamos e quando?<\/strong><\/p>\n\n\n\n<p class=\"has-text-align-center\"><em><strong><a href=\"https:\/\/creators.spotify.com\/pod\/show\/olho-de-luz\/episodes\/Lies-da-Vida-O-Que-a-Calmaria-Ensina-e-O-Que-S-a-Tempestade-Pode-Mostrar-e2vgubb\" target=\"_blank\" rel=\"noreferrer noopener\">N\u00e3o quer ler? Ou\u00e7a o podcast!<\/a><\/strong><\/em><\/p>\n\n\n\n<p>Neste artigo, vamos explorar como cada fase da vida \u2014 as calmas e as turbulentas \u2014 nos ensina algo valioso. E, no final, voc\u00ea vai perceber que ambas s\u00e3o necess\u00e1rias para sua evolu\u00e7\u00e3o.<\/p>\n\n\n\n<p>\ud83d\udccc <strong>O que voc\u00ea vai descobrir aqui:<\/strong><br>1\ufe0f\u20e3 <strong>A import\u00e2ncia da calmaria: O aprendizado na paz e na reflex\u00e3o<\/strong><br>2\ufe0f\u20e3 <strong>O poder transformador da tempestade: Como os desafios nos moldam<\/strong><br>3\ufe0f\u20e3 <strong>O equil\u00edbrio entre os dois: Saber quando esperar e quando agir<\/strong><br>4\ufe0f\u20e3 <strong>Hist\u00f3rias de quem aprendeu nas duas situa\u00e7\u00f5es e cresceu com isso<\/strong><br>5\ufe0f\u20e3 <strong>Como aplicar esse conhecimento para viver com mais sabedoria<\/strong><\/p>\n\n\n\n<p>Pronto para essa jornada? \ud83c\udf1f Ent\u00e3o vamos l\u00e1! \ud83d\ude80<\/p>\n\n\n\n<h2 class=\"wp-block-heading\"><strong>1\ufe0f\u20e3 A import\u00e2ncia da calmaria: O aprendizado na paz e na reflex\u00e3o<\/strong><\/h2>\n\n\n\n<p>Em um mundo acelerado, onde tudo parece urgente e a press\u00e3o por resultados nunca para, a calmaria pode parecer algo raro \u2013 quase um luxo. Mas, na verdade, s\u00e3o nesses momentos de serenidade que nosso aprendizado mais profundo acontece. <strong>Na paz, absorvemos, refletimos e conectamos os pontos.<\/strong><\/p>\n\n\n\n<p>Pense em como aprendemos na escola. Se um professor tentasse ensinar uma mat\u00e9ria nova no meio de um barulho infernal, com pessoas gritando e correndo ao redor, voc\u00ea provavelmente n\u00e3o entenderia nada. <strong>O aprendizado requer um ambiente prop\u00edcio, e a calma \u00e9 esse espa\u00e7o mental onde as informa\u00e7\u00f5es se organizam e fazem sentido.<\/strong><\/p>\n\n\n\n<h4 class=\"wp-block-heading\"><strong>\ud83e\uddd8\u200d\u2642\ufe0f O que a calmaria nos ensina?<\/strong><\/h4>\n\n\n\n<p>1\ufe0f\u20e3 <strong>Autoconhecimento:<\/strong> Quando a mente est\u00e1 em paz, conseguimos olhar para dentro, identificar nossas emo\u00e7\u00f5es e entender melhor quem somos. Muitos insights v\u00eam em momentos de sil\u00eancio, seja meditando, caminhando na natureza ou apenas ficando um tempo sem distra\u00e7\u00f5es.<\/p>\n\n\n\n<p>2\ufe0f\u20e3 <strong>Tomada de decis\u00f5es mais inteligentes:<\/strong> A pressa e o caos podem nos levar a decis\u00f5es impulsivas. J\u00e1 percebeu como \u00e9 mais f\u00e1cil pensar com clareza depois de uma boa noite de sono ou de um dia tranquilo? A mente calma permite avaliar cen\u00e1rios com l\u00f3gica, sem ser dominada pela ansiedade.<\/p>\n\n\n\n<p>3\ufe0f\u20e3 <strong>Capacidade de absorver conhecimento:<\/strong> Estudos mostram que aprendemos melhor quando estamos relaxados. O c\u00e9rebro precisa de tempo para processar informa\u00e7\u00f5es, fazer conex\u00f5es e consolidar aprendizados. N\u00e3o \u00e9 \u00e0 toa que momentos de descanso s\u00e3o essenciais para quem estuda ou trabalha com criatividade.<\/p>\n\n\n\n<p>4\ufe0f\u20e3 <strong>Valoriza\u00e7\u00e3o das pequenas coisas:<\/strong> Quando tudo est\u00e1 correndo bem, muitas vezes esquecemos de apreciar o simples \u2013 uma conversa tranquila, um caf\u00e9 quente, o som da chuva. A calma nos ensina a viver o presente e encontrar gratid\u00e3o nas pequenas alegrias.<\/p>\n\n\n\n<h4 class=\"wp-block-heading\"><strong>\ud83d\uded1 Mas aten\u00e7\u00e3o: calma n\u00e3o \u00e9 estagna\u00e7\u00e3o!<\/strong><\/h4>\n\n\n\n<p>Isso n\u00e3o significa que devemos ficar parados, esperando a vida nos dar respostas. A calmaria <strong>\u00e9 uma ferramenta, n\u00e3o um estado permanente<\/strong>. Se ficarmos sempre em um estado de conforto, sem desafios, a tend\u00eancia \u00e9 nos acomodarmos. Por isso, aprender na calmaria \u00e9 essencial, mas apenas <strong>se usarmos esse aprendizado para agir na hora certa<\/strong>.<\/p>\n\n\n\n<p>\ud83d\udc49 <strong>Resumo:<\/strong> A calma \u00e9 essencial para o autoconhecimento, para decis\u00f5es mais s\u00e1bias e para um aprendizado profundo. Mas \u00e9 preciso usar esses momentos a nosso favor, sem cair na armadilha da zona de conforto. Afinal, depois da calmaria, a tempestade sempre chega \u2013 e precisamos estar preparados! \ud83c\udf0a\u2728<\/p>\n\n\n\n<h2 class=\"wp-block-heading\"><strong>2\ufe0f\u20e3 O poder transformador da tempestade: Como os desafios nos moldam<\/strong><\/h2>\n\n\n\n<p>Se a calmaria nos ensina a refletir, <strong>\u00e9 na tempestade que descobrimos do que realmente somos feitos<\/strong>. Quando tudo parece sair do controle, somos obrigados a agir, crescer e nos reinventar. <strong>A dor do desafio pode ser desconfort\u00e1vel, mas \u00e9 tamb\u00e9m a fa\u00edsca que acende o nosso verdadeiro potencial.<\/strong><\/p>\n\n\n\n<h4 class=\"wp-block-heading\"><strong>\ud83c\udf2a\ufe0f O que os desafios ensinam?<\/strong><\/h4>\n\n\n\n<p>1\ufe0f\u20e3 <strong>Resili\u00eancia:<\/strong> Imagine um marinheiro que s\u00f3 navega em \u00e1guas tranquilas. No primeiro sinal de tempestade, ele entraria em p\u00e2nico! A vida funciona da mesma forma \u2013 s\u00f3 aprendemos a nos fortalecer enfrentando dificuldades. Cada problema superado nos deixa mais preparados para o pr\u00f3ximo.<\/p>\n\n\n\n<p>2\ufe0f\u20e3 <strong>Criatividade e solu\u00e7\u00f5es inesperadas:<\/strong> J\u00e1 percebeu como as melhores ideias surgem nos momentos mais dif\u00edceis? Quando estamos sob press\u00e3o, nosso c\u00e9rebro trabalha de forma diferente, buscando sa\u00eddas inovadoras. <strong>Grandes inven\u00e7\u00f5es e descobertas nasceram da necessidade de superar obst\u00e1culos.<\/strong><\/p>\n\n\n\n<p>3\ufe0f\u20e3 <strong>Autoconfian\u00e7a:<\/strong> Nada constr\u00f3i mais confian\u00e7a do que superar algo que parecia imposs\u00edvel. Cada desafio vencido \u00e9 um lembrete de que somos capazes de muito mais do que imaginamos.<\/p>\n\n\n\n<p>4\ufe0f\u20e3 <strong>Desapego e adapta\u00e7\u00e3o:<\/strong> Muitas vezes, lutamos para manter as coisas como est\u00e3o, mesmo quando n\u00e3o s\u00e3o boas para n\u00f3s. A tempestade vem para nos tirar da zona de conforto e nos mostrar que mudan\u00e7as s\u00e3o necess\u00e1rias. O que parecia um desastre pode, na verdade, ser um novo come\u00e7o.<\/p>\n\n\n\n<h4 class=\"wp-block-heading\"><strong>\u26a0\ufe0f Tempestades n\u00e3o s\u00e3o o fim, s\u00e3o oportunidades!<\/strong><\/h4>\n\n\n\n<p>A maioria das pessoas v\u00ea os desafios como castigos da vida. Mas e se, na verdade, <strong>eles forem presentes disfar\u00e7ados<\/strong>? O que parece um problema agora pode ser exatamente o que voc\u00ea precisava para crescer.<\/p>\n\n\n\n<p>Pense em um atleta que quer ficar mais forte. Ele precisa desafiar seus m\u00fasculos, sair do conforto e lidar com a dor do treino. <strong>Sem esfor\u00e7o, n\u00e3o h\u00e1 progresso.<\/strong> O mesmo acontece na vida: sem tempestades, n\u00e3o h\u00e1 evolu\u00e7\u00e3o.<\/p>\n\n\n\n<p>\ud83d\udc49 <strong>Resumo:<\/strong> Os desafios moldam nossa for\u00e7a, criatividade e confian\u00e7a. S\u00e3o eles que nos for\u00e7am a crescer, a encontrar solu\u00e7\u00f5es e a descobrir nossa verdadeira capacidade. <strong>A tempestade pode ser assustadora, mas depois dela, vem um novo horizonte. \ud83c\udf24\ufe0f<\/strong><\/p>\n\n\n\n<h2 class=\"wp-block-heading\"><strong>3\ufe0f\u20e3 O equil\u00edbrio entre os dois: Saber quando esperar e quando agir<\/strong><\/h2>\n\n\n\n<p>Se a calmaria nos ensina a refletir e a tempestade nos faz crescer, o verdadeiro segredo est\u00e1 em <strong>saber quando \u00e9 hora de esperar e quando \u00e9 hora de agir.<\/strong> Quem domina esse equil\u00edbrio <strong>n\u00e3o \u00e9 ref\u00e9m das circunst\u00e2ncias<\/strong>, mas sim <strong>o capit\u00e3o do pr\u00f3prio destino.<\/strong><\/p>\n\n\n\n<h4 class=\"wp-block-heading\"><strong>\u23f3 Quando esperar?<\/strong><\/h4>\n\n\n\n<p>Nem tudo na vida precisa ser resolvido no impulso. \u00c0s vezes, a melhor estrat\u00e9gia \u00e9 <strong>pausar, observar e entender o cen\u00e1rio antes de tomar uma decis\u00e3o.<\/strong><\/p>\n\n\n\n<p>\ud83d\udd39 <strong>Quando as emo\u00e7\u00f5es est\u00e3o intensas:<\/strong> Se voc\u00ea est\u00e1 com raiva, medo ou ansiedade, a chance de tomar uma decis\u00e3o precipitada \u00e9 alta. <strong>Respire, espere e analise com mais clareza.<\/strong><\/p>\n\n\n\n<p>\ud83d\udd39 <strong>Quando ainda h\u00e1 muito a aprender:<\/strong> Se voc\u00ea est\u00e1 entrando em um novo desafio, talvez seja melhor <strong>se preparar antes de agir.<\/strong> Estude, busque refer\u00eancias e fortale\u00e7a sua base antes de dar o pr\u00f3ximo passo.<\/p>\n\n\n\n<p>\ud83d\udd39 <strong>Quando a resposta ainda n\u00e3o est\u00e1 clara:<\/strong> Algumas decis\u00f5es precisam de tempo para amadurecer. <strong>Se a d\u00favida for grande, talvez o momento seja de paci\u00eancia e reflex\u00e3o.<\/strong><\/p>\n\n\n\n<h4 class=\"wp-block-heading\"><strong>\ud83d\ude80 Quando agir?<\/strong><\/h4>\n\n\n\n<p>Esperar tem seu valor, mas <strong>adiar demais pode se tornar um grande inimigo.<\/strong> Se voc\u00ea sempre encontra uma desculpa para n\u00e3o sair do lugar, pode ser que j\u00e1 esteja na hora de <strong>se jogar e confiar no processo.<\/strong><\/p>\n\n\n\n<p>\ud83d\udd38 <strong>Quando o medo \u00e9 o \u00fanico obst\u00e1culo:<\/strong> Se a \u00fanica coisa te impedindo de seguir em frente \u00e9 o medo do fracasso, <strong>a resposta \u00e9 simples: v\u00e1 assim mesmo!<\/strong> O medo nunca desaparece completamente, mas ele perde for\u00e7a quando voc\u00ea age.<\/p>\n\n\n\n<p>\ud83d\udd38 <strong>Quando a oportunidade est\u00e1 diante de voc\u00ea:<\/strong> Algumas chances n\u00e3o voltam. Se algo que voc\u00ea deseja est\u00e1 ao seu alcance, <strong>n\u00e3o perca tempo esperando o &#8220;momento perfeito&#8221; \u2013 ele n\u00e3o existe.<\/strong><\/p>\n\n\n\n<p>\ud83d\udd38 <strong>Quando a reflex\u00e3o j\u00e1 virou procrastina\u00e7\u00e3o:<\/strong> Pensar antes de agir \u00e9 essencial, mas pensar demais pode se transformar em paralisia. Se voc\u00ea j\u00e1 analisou a situa\u00e7\u00e3o de todos os \u00e2ngulos poss\u00edveis, <strong>pare de adiar e d\u00ea o primeiro passo.<\/strong><\/p>\n\n\n\n<h4 class=\"wp-block-heading\"><strong>\u2696\ufe0f Encontrando o equil\u00edbrio entre a\u00e7\u00e3o e paci\u00eancia<\/strong><\/h4>\n\n\n\n<p>Saber quando agir e quando esperar <strong>n\u00e3o \u00e9 uma f\u00f3rmula exata<\/strong>, mas algumas perguntas podem te ajudar a tomar decis\u00f5es melhores:<\/p>\n\n\n\n<p>\u2714\ufe0f <strong>Estou adiando por medo ou realmente preciso esperar mais?<\/strong><br>\u2714\ufe0f <strong>Tenho informa\u00e7\u00e3o suficiente para seguir em frente ou preciso me preparar melhor?<\/strong><br>\u2714\ufe0f <strong>Se eu n\u00e3o agir agora, quais ser\u00e3o as consequ\u00eancias?<\/strong><\/p>\n\n\n\n<p>\ud83d\udc49 <strong>Resumo:<\/strong> A vida exige momentos de paci\u00eancia e momentos de coragem. Saber quando parar e quando avan\u00e7ar \u00e9 o que diferencia quem se perde nas ondas da vida de quem <strong>aprende a navegar.<\/strong> \u26f5\ud83d\udca1<\/p>\n\n\n\n<h2 class=\"wp-block-heading\"><strong>4\ufe0f\u20e3 Hist\u00f3rias de quem aprendeu nas duas situa\u00e7\u00f5es e cresceu com isso<\/strong><\/h2>\n\n\n\n<p>A vida nos ensina de diferentes formas. \u00c0s vezes, precisamos de sil\u00eancio e reflex\u00e3o para encontrar respostas. Outras vezes, s\u00f3 aprendemos quando somos jogados no meio da tempestade e n\u00e3o temos escolha a n\u00e3o ser nadar. Aqui est\u00e3o tr\u00eas hist\u00f3rias inspiradoras de pessoas comuns que aprenderam tanto na calmaria quanto no caos.<\/p>\n\n\n\n<h4 class=\"wp-block-heading\"><strong>\ud83c\udf31 Mariana: A decis\u00e3o que veio no sil\u00eancio<\/strong><\/h4>\n\n\n\n<p>Mariana sempre teve uma vida corrida. Trabalho, faculdade, fam\u00edlia \u2013 tudo ao mesmo tempo. Ela vivia no piloto autom\u00e1tico, sem tempo para pensar no que realmente queria. Foi s\u00f3 quando perdeu o emprego inesperadamente que a vida a for\u00e7ou a parar. No come\u00e7o, ela entrou em p\u00e2nico. Mas, aos poucos, aprendeu a aproveitar aquele momento de pausa. <strong>Come\u00e7ou a meditar, refletir sobre seus sonhos e percebeu que nunca quis aquela carreira no escrit\u00f3rio.<\/strong><\/p>\n\n\n\n<p>Durante a calmaria, Mariana teve espa\u00e7o para se conhecer melhor. Fez cursos, estudou novas possibilidades e decidiu empreender. Hoje, ela tem seu pr\u00f3prio neg\u00f3cio e agradece pela pausa que a vida lhe deu. <strong>Se ela tivesse continuado na correria, talvez nunca tivesse descoberto sua verdadeira voca\u00e7\u00e3o.<\/strong><\/p>\n\n\n\n<p>\ud83d\udd39 <strong>Li\u00e7\u00e3o:<\/strong> A pausa nem sempre \u00e9 um obst\u00e1culo \u2013 \u00e0s vezes, \u00e9 a oportunidade perfeita para enxergar o que antes estava oculto.<\/p>\n\n\n\n<h4 class=\"wp-block-heading\"><strong>\ud83c\udf2a\ufe0f Rafael: O fracasso que virou combust\u00edvel<\/strong><\/h4>\n\n\n\n<p>Rafael sempre sonhou em ser atleta profissional. Treinava duro, fazia tudo certo, mas um dia sofreu uma les\u00e3o grave que o afastou do esporte. Durante meses, ele tentou manter a calma, mas a frustra\u00e7\u00e3o o dominava. <strong>Seu sonho estava desmoronando diante dos seus olhos.<\/strong><\/p>\n\n\n\n<p>Foi ent\u00e3o que ele decidiu agir. Mesmo sem poder treinar fisicamente, come\u00e7ou a estudar o esporte, entender melhor sua biomec\u00e2nica e aprender sobre recupera\u00e7\u00e3o muscular. Com o tempo, percebeu que poderia transformar sua paix\u00e3o em algo maior. <strong>Hoje, Rafael \u00e9 um dos melhores treinadores da sua \u00e1rea e ajuda outros atletas a evitarem os erros que ele cometeu.<\/strong><\/p>\n\n\n\n<p>\ud83d\udd38 <strong>Li\u00e7\u00e3o:<\/strong> A tempestade pode ser assustadora, mas tamb\u00e9m pode abrir portas para um novo caminho que voc\u00ea nunca teria considerado antes.<\/p>\n\n\n\n<h4 class=\"wp-block-heading\"><strong>\u2696\ufe0f Jo\u00e3o: O equil\u00edbrio entre paci\u00eancia e a\u00e7\u00e3o<\/strong><\/h4>\n\n\n\n<p>Jo\u00e3o sempre quis mudar de cidade para buscar melhores oportunidades, mas tinha medo de largar tudo. Por anos, adiou a decis\u00e3o. At\u00e9 que um dia, percebeu que n\u00e3o podia esperar para sempre. <strong>Fez um plano, juntou dinheiro e se preparou \u2013 mas sem hesitar demais.<\/strong> Quando sentiu que era a hora certa, deu o salto e se mudou. No come\u00e7o, enfrentou dificuldades, mas sabia que havia se preparado bem. Com o tempo, tudo se encaixou.<\/p>\n\n\n\n<p>\ud83d\udfe2 <strong>Li\u00e7\u00e3o:<\/strong> Jo\u00e3o esperou o suficiente para estar pronto, mas n\u00e3o tanto a ponto de perder a coragem. Encontrou o equil\u00edbrio entre agir com estrat\u00e9gia e n\u00e3o adiar sua felicidade.<\/p>\n\n\n\n<hr class=\"wp-block-separator has-alpha-channel-opacity\"\/>\n\n\n\n<p>\ud83d\udc49 <strong>O que essas hist\u00f3rias nos ensinam?<\/strong><\/p>\n\n\n\n<p>\u2705 \u00c0s vezes, precisamos de sil\u00eancio e reflex\u00e3o para tomar as melhores decis\u00f5es.<br>\u2705 Outras vezes, s\u00f3 crescemos quando enfrentamos desafios de frente.<br>\u2705 O segredo est\u00e1 em <strong>perceber qual aprendizado a vida est\u00e1 te oferecendo no momento e agir de acordo.<\/strong><\/p>\n\n\n\n<p>Quer aprender a encontrar esse equil\u00edbrio e transformar sua vida? <strong>A plataforma Olho de Luz pode te ajudar nessa jornada!<\/strong> \ud83d\ude80\u2728<\/p>\n\n\n\n<h2 class=\"wp-block-heading\"><strong>5\ufe0f\u20e3 Como aplicar esse conhecimento para viver com mais sabedoria<\/strong><\/h2>\n\n\n\n<p>Saber quando aprender na calmaria e quando crescer na tempestade \u00e9 uma verdadeira arte. <strong>A vida est\u00e1 sempre nos ensinando<\/strong>, mas a forma como absorvemos essas li\u00e7\u00f5es faz toda a diferen\u00e7a. Aqui est\u00e3o algumas estrat\u00e9gias pr\u00e1ticas para voc\u00ea aplicar esse conhecimento no seu dia a dia e viver com mais sabedoria.<\/p>\n\n\n\n<h4 class=\"wp-block-heading\"><strong>\ud83c\udf3f 1. Aprenda a ouvir o sil\u00eancio<\/strong><\/h4>\n\n\n\n<p>Nem todo crescimento precisa ser doloroso. Muitas vezes, as maiores revela\u00e7\u00f5es surgem quando damos espa\u00e7o para a introspec\u00e7\u00e3o. Para aproveitar melhor os momentos de calmaria:<\/p>\n\n\n\n<p>\u2705 <strong>Crie momentos de reflex\u00e3o:<\/strong> Reserve um tempo para se desconectar do barulho externo e ouvir sua pr\u00f3pria voz interior. Medita\u00e7\u00e3o, caminhadas ao ar livre ou simplesmente momentos sem distra\u00e7\u00f5es podem ajudar.<br>\u2705 <strong>Escreva suas ideias e sentimentos:<\/strong> Manter um di\u00e1rio pode te ajudar a entender melhor seus pensamentos e reconhecer padr\u00f5es na sua vida.<br>\u2705 <strong>Aproveite os per\u00edodos de estabilidade para se preparar:<\/strong> Se a vida est\u00e1 tranquila agora, use esse tempo para aprender, planejar e se fortalecer para os desafios futuros.<\/p>\n\n\n\n<h4 class=\"wp-block-heading\"><strong>\ud83c\udf2a\ufe0f 2. Encare a tempestade com resili\u00eancia<\/strong><\/h4>\n\n\n\n<p>Os desafios fazem parte da jornada, mas voc\u00ea pode us\u00e1-los a seu favor em vez de ser esmagado por eles. Quando estiver no meio do caos:<\/p>\n\n\n\n<p>\u2705 <strong>Reenquadre sua vis\u00e3o sobre os problemas:<\/strong> Em vez de pensar \u201cPor que isso est\u00e1 acontecendo comigo?\u201d, pergunte-se \u201cO que eu posso aprender com isso?\u201d.<br>\u2705 <strong>Lembre-se: nenhuma tempestade dura para sempre!<\/strong> Situa\u00e7\u00f5es dif\u00edceis s\u00e3o passageiras, e cada uma delas te deixa mais forte.<br>\u2705 <strong>Aja, mesmo com medo:<\/strong> Muitas vezes, esperamos at\u00e9 que tudo esteja perfeito para agir, mas o aprendizado vem no movimento. D\u00ea um passo de cada vez.<\/p>\n\n\n\n<h4 class=\"wp-block-heading\"><strong>\u2696\ufe0f 3. Pratique o equil\u00edbrio entre a\u00e7\u00e3o e paci\u00eancia<\/strong><\/h4>\n\n\n\n<p>A grande sabedoria da vida est\u00e1 em saber <strong>quando esperar e quando agir<\/strong>. Para isso:<\/p>\n\n\n\n<p>\u2705 <strong>Observe os sinais:<\/strong> \u00c0s vezes, for\u00e7ar uma situa\u00e7\u00e3o s\u00f3 gera mais frustra\u00e7\u00e3o. Outras vezes, ficar esperando pode significar perder uma grande oportunidade. Desenvolver essa percep\u00e7\u00e3o \u00e9 essencial.<br>\u2705 <strong>Fa\u00e7a planos, mas mantenha a flexibilidade:<\/strong> Tenha um direcionamento, mas esteja aberto para ajustar a rota quando necess\u00e1rio.<br>\u2705 <strong>Confie no fluxo da vida:<\/strong> Nem sempre teremos controle total sobre tudo, mas podemos controlar como reagimos a cada situa\u00e7\u00e3o.<\/p>\n\n\n\n<hr class=\"wp-block-separator has-alpha-channel-opacity\"\/>\n\n\n\n<p>\ud83d\udc49 <strong>No final, a vida \u00e9 uma dan\u00e7a entre momentos de calmaria e tempestades. Saber aproveitar ambos faz de voc\u00ea uma pessoa mais s\u00e1bia, resiliente e feliz.<\/strong><\/p>\n\n\n\n<p>\ud83d\udca1 <strong>Quer aprender a viver com mais equil\u00edbrio e intelig\u00eancia emocional?<\/strong> A plataforma<strong> Olho de Luz<\/strong> foi criada para te ajudar nessa jornada! Aprenda a se fortalecer mental, emocional e energeticamente para enfrentar qualquer fase da vida com confian\u00e7a. <strong>Inscreva-se agora e comece sua transforma\u00e7\u00e3o!<\/strong> \ud83d\ude80\u2728<\/p>\n\n\n\n<h3 class=\"wp-block-heading\"><strong>Conclus\u00e3o: A sabedoria de dan\u00e7ar entre a calmaria e a tempestade<\/strong><\/h3>\n\n\n\n<p>A vida nunca \u00e9 feita apenas de dias tranquilos ou de desafios avassaladores. Ela oscila entre esses dois extremos, e <strong>a verdadeira sabedoria est\u00e1 em saber aproveitar o que cada fase tem a ensinar<\/strong>.<\/p>\n\n\n\n<p>Nos momentos de calmaria, temos a chance de refletir, planejar e fortalecer nossa base. Nos per\u00edodos de tempestade, encontramos oportunidades de crescimento, resist\u00eancia e supera\u00e7\u00e3o. <strong>Ambos s\u00e3o necess\u00e1rios, e ambos podem nos tornar pessoas melhores.<\/strong><\/p>\n\n\n\n<p>O segredo n\u00e3o est\u00e1 em evitar as dificuldades ou se acomodar na paz absoluta, mas em <strong>aceitar e aprender com cada fase da vida<\/strong>. Quem domina essa arte se torna mais resiliente, mais equilibrado e mais preparado para qualquer situa\u00e7\u00e3o.<\/p>\n\n\n\n<p>\ud83d\udca1 <strong>Se voc\u00ea quer aprender a navegar melhor por esses momentos, fortalecer sua mente e seu bem-estar, a plataforma Olho de Luz est\u00e1 aqui para te ajudar!<\/strong> \ud83d\ude80 Transforme sua maneira de lidar com os desafios e aproveite cada experi\u00eancia da vida para crescer. <strong>Inscreva-se agora e comece essa jornada de evolu\u00e7\u00e3o!<\/strong> \u2728<\/p>\n\n\n\n<p><\/p>\n","protected":false},"excerpt":{"rendered":"<p>\ud83d\udcad J\u00e1 percebeu como algumas li\u00e7\u00f5es v\u00eam de momentos tranquilos e outras s\u00f3 aprendemos quando a vida nos joga no meio do caos? A verdade \u00e9 que tanto a calmaria quanto a tempestade t\u00eam seu papel no nosso crescimento. Quando tudo est\u00e1 sereno, conseguimos refletir, nos aprofundar e absorver conhecimento. Mas s\u00e3o as dificuldades que [&hellip;]<\/p>\n","protected":false},"author":1,"featured_media":49,"comment_status":"open","ping_status":"open","sticky":false,"template":"","format":"standard","meta":{"footnotes":""},"categories":[9],"tags":[46,23,54,28,53,41,45,50,48,52,25,19,44,43,47,22,51,49],"class_list":["post-48","post","type-post","status-publish","format-standard","has-post-thumbnail","hentry","category-evolucao-para-o-sucesso","tag-aprendizadocontinuo","tag-autoconhecimento","tag-bemestarholistico","tag-crescimentopessoal","tag-desafiosquefortalecem","tag-desenvolvimentopessoal","tag-equilibrioemocional","tag-forcainterior","tag-mindsetpositivo","tag-momentosdereflexao","tag-mudancadevida","tag-olhodeluz","tag-resilienca","tag-sabedoriadevida","tag-superacao","tag-transformacao","tag-transformacaopessoal","tag-vidaplena"],"_links":{"self":[{"href":"https:\/\/olhodeluz.com.br\/blog\/index.php?rest_route=\/wp\/v2\/posts\/48","targetHints":{"allow":["GET"]}}],"collection":[{"href":"https:\/\/olhodeluz.com.br\/blog\/index.php?rest_route=\/wp\/v2\/posts"}],"about":[{"href":"https:\/\/olhodeluz.com.br\/blog\/index.php?rest_route=\/wp\/v2\/types\/post"}],"author":[{"embeddable":true,"href":"https:\/\/olhodeluz.com.br\/blog\/index.php?rest_route=\/wp\/v2\/users\/1"}],"replies":[{"embeddable":true,"href":"https:\/\/olhodeluz.com.br\/blog\/index.php?rest_route=%2Fwp%2Fv2%2Fcomments&post=48"}],"version-history":[{"count":2,"href":"https:\/\/olhodeluz.com.br\/blog\/index.php?rest_route=\/wp\/v2\/posts\/48\/revisions"}],"predecessor-version":[{"id":51,"href":"https:\/\/olhodeluz.com.br\/blog\/index.php?rest_route=\/wp\/v2\/posts\/48\/revisions\/51"}],"wp:featuredmedia":[{"embeddable":true,"href":"https:\/\/olhodeluz.com.br\/blog\/index.php?rest_route=\/wp\/v2\/media\/49"}],"wp:attachment":[{"href":"https:\/\/olhodeluz.com.br\/blog\/index.php?rest_route=%2Fwp%2Fv2%2Fmedia&parent=48"}],"wp:term":[{"taxonomy":"category","embeddable":true,"href":"https:\/\/olhodeluz.com.br\/blog\/index.php?rest_route=%2Fwp%2Fv2%2Fcategories&post=48"},{"taxonomy":"post_tag","embeddable":true,"href":"https:\/\/olhodeluz.com.br\/blog\/index.php?rest_route=%2Fwp%2Fv2%2Ftags&post=48"}],"curies":[{"name":"wp","href":"https:\/\/api.w.org\/{rel}","templated":true}]}}